{"id":6156,"date":"2024-03-20T17:06:55","date_gmt":"2024-03-20T17:06:55","guid":{"rendered":"https:\/\/www.oxygenworldwide.com\/?p=6156"},"modified":"2024-02-18T14:09:59","modified_gmt":"2024-02-18T14:09:59","slug":"vos-pleurs-vous-rendent-ils-la-respiration-plus-difficile","status":"publish","type":"post","link":"https:\/\/www.oxygenworldwide.com\/de\/vos-pleurs-vous-rendent-ils-la-respiration-plus-difficile\/","title":{"rendered":"Vos pleurs vous rendent-ils la respiration plus difficile ?\u00a0"},"content":{"rendered":"<div class=\"x_x_OutlineElement x_x_Ltr x_x_SCXW264762928 x_x_BCX2\">\n<p class=\"x_x_Paragraph x_x_SCXW264762928 x_x_BCX2\" lang=\"EN-GB\">L&#8217;asthme se traduit par une difficult\u00e9 \u00e0 respirer, de la toux, une s\u00e9cr\u00e9tion excessive de mucus et des sifflements pendant la respiration.<\/p>\n<\/div>\n<div class=\"x_x_OutlineElement x_x_Ltr x_x_SCXW264762928 x_x_BCX2\">\n<p class=\"x_x_Paragraph x_x_SCXW264762928 x_x_BCX2 x_elementToProof\" lang=\"EN-GB\">\n<p class=\"x_x_Paragraph x_x_SCXW264762928 x_x_BCX2\" lang=\"EN-GB\"><span class=\"x_x_TextRun x_x_SCXW264762928 x_x_BCX2\" lang=\"FR\" data-contrast=\"none\"><span class=\"x_x_NormalTextRun x_x_SCXW264762928 x_x_BCX2\">Un \u00e9pisode d&#8217;asthme peut \u00eatre provoqu\u00e9 par divers d\u00e9clencheurs. En gros, on peut les classer en deux cat\u00e9gories : les d\u00e9clencheurs externes et les d\u00e9clencheurs internes.<\/span><\/span><span class=\"x_x_LineBreakBlob x_x_BlobObject x_x_DragDrop x_x_SCXW264762928 x_x_BCX2\"><span class=\"x_x_SCXW264762928 x_x_BCX2\">\u00a0<\/span><br class=\"x_x_SCXW264762928 x_x_BCX2\" aria-hidden=\"true\" \/><\/span><\/p>\n<p class=\"x_x_Paragraph x_x_SCXW264762928 x_x_BCX2\" lang=\"EN-GB\"><span class=\"x_x_TextRun x_x_SCXW264762928 x_x_BCX2\" lang=\"FR\" data-contrast=\"none\"><span class=\"x_x_NormalTextRun x_x_SCXW264762928 x_x_BCX2\">La grande majorit\u00e9 des d\u00e9clencheurs de l&#8217;asthme sont externes &#8211; exposition \u00e0 un allerg\u00e8ne. Les pollens, les acariens, les poussi\u00e8res, les poils de rongeurs ou d&#8217;autres animaux sont des allerg\u00e8nes connus qui affectent de nombreuses personnes. Les polluants atmosph\u00e9riques constituent une autre cat\u00e9gorie d&#8217;allerg\u00e8nes courants. La fum\u00e9e des grils \u00e0 charbon ou des feux ouverts, les fortes \u00e9manations de produits chimiques tels que l&#8217;essence et les peintures, ou m\u00eame les fortes odeurs de parfums et de savons peuvent provoquer une irritation des voies respiratoires chez certaines personnes.<\/span><\/span><span class=\"x_x_LineBreakBlob x_x_BlobObject x_x_DragDrop x_x_SCXW264762928 x_x_BCX2\"><span class=\"x_x_SCXW264762928 x_x_BCX2\"><br \/>\n<\/span><br class=\"x_x_SCXW264762928 x_x_BCX2\" aria-hidden=\"true\" \/><\/span><span class=\"x_x_TextRun x_x_SCXW264762928 x_x_BCX2\" lang=\"FR\" data-contrast=\"none\"><span class=\"x_x_NormalTextRun x_x_SCXW264762928 x_x_BCX2\">Les ingr\u00e9dients alimentaires constituent une autre cat\u00e9gorie de d\u00e9clencheurs externes de l&#8217;asthme. Plusieurs personnes ont \u00e9t\u00e9 signal\u00e9es comme \u00e9tant allergiques \u00e0 des substances alimentaires telles que les arachides, le soja, les \u0153ufs, les crevettes, le lait de vache, le poisson, le bl\u00e9 et certains fruits.<\/span><\/span><span class=\"x_x_LineBreakBlob x_x_BlobObject x_x_DragDrop x_x_SCXW264762928 x_x_BCX2\"><span class=\"x_x_SCXW264762928 x_x_BCX2\">\u00a0<\/span><br class=\"x_x_SCXW264762928 x_x_BCX2\" aria-hidden=\"true\" \/><\/span><span class=\"x_x_TextRun x_x_SCXW264762928 x_x_BCX2\" lang=\"FR\" data-contrast=\"none\"><span class=\"x_x_NormalTextRun x_x_SCXW264762928 x_x_BCX2\">L&#8217;exercice physique intense peut \u00e9galement provoquer l&#8217;asthme en entra\u00eenant une constriction des voies respiratoires (\u00e9galement appel\u00e9e &#8220;bronchoconstriction provoqu\u00e9e par l&#8217;exercice&#8221;).<\/span><\/span><span class=\"x_x_LineBreakBlob x_x_BlobObject x_x_DragDrop x_x_SCXW264762928 x_x_BCX2\"><span class=\"x_x_SCXW264762928 x_x_BCX2\">\u00a0<\/span><br class=\"x_x_SCXW264762928 x_x_BCX2\" aria-hidden=\"true\" \/><\/span><span class=\"x_x_TextRun x_x_SCXW264762928 x_x_BCX2\" lang=\"FR\" data-contrast=\"none\"><span class=\"x_x_NormalTextRun x_x_SCXW264762928 x_x_BCX2\">Chez certains patients dont le syst\u00e8me respiratoire est tr\u00e8s sensible, m\u00eame des changements mineurs des conditions m\u00e9t\u00e9orologiques ou climatiques, tels qu&#8217;une baisse de temp\u00e9rature, une augmentation de l&#8217;altitude ou un changement du taux d&#8217;humidit\u00e9, peuvent provoquer de graves \u00e9pisodes d&#8217;asthme.<\/span><\/span><span class=\"x_x_LineBreakBlob x_x_BlobObject x_x_DragDrop x_x_SCXW264762928 x_x_BCX2\"><span class=\"x_x_SCXW264762928 x_x_BCX2\">\u00a0<\/span><br class=\"x_x_SCXW264762928 x_x_BCX2\" aria-hidden=\"true\" \/><\/span><span class=\"x_x_TextRun x_x_SCXW264762928 x_x_BCX2\" lang=\"FR\" data-contrast=\"none\"><span class=\"x_x_NormalTextRun x_x_SCXW264762928 x_x_BCX2\">Si la plupart des d\u00e9clencheurs de l&#8217;asthme sont externes, il en existe quelques-uns qui sont internes et qui peuvent souvent \u00eatre ignor\u00e9s lors de l&#8217;analyse de l&#8217;\u00e9tiologie de la maladie.<\/span><\/span><span class=\"x_x_LineBreakBlob x_x_BlobObject x_x_DragDrop x_x_SCXW264762928 x_x_BCX2\"><span class=\"x_x_SCXW264762928 x_x_BCX2\">\u00a0<\/span><br class=\"x_x_SCXW264762928 x_x_BCX2\" aria-hidden=\"true\" \/><\/span><span class=\"x_x_TextRun x_x_SCXW264762928 x_x_BCX2\" lang=\"FR\" data-contrast=\"none\"><span class=\"x_x_NormalTextRun x_x_SCXW264762928 x_x_BCX2\">L&#8217;expression d&#8217;\u00e9motions fortes est souvent associ\u00e9e \u00e0 l&#8217;asthme. La col\u00e8re intense, l&#8217;excitation, les pleurs, ainsi que le rire peuvent aggraver la constriction des voies respiratoires. Pleurer provoque \u00e9galement une congestion nasale chez la plupart des individus, ce qui rend leur respiration plus difficile.<\/span><\/span><span class=\"x_x_LineBreakBlob x_x_BlobObject x_x_DragDrop x_x_SCXW264762928 x_x_BCX2\"><span class=\"x_x_SCXW264762928 x_x_BCX2\">\u00a0<\/span><br class=\"x_x_SCXW264762928 x_x_BCX2\" aria-hidden=\"true\" \/><\/span><span class=\"x_x_TextRun x_x_SCXW264762928 x_x_BCX2\" lang=\"FR\" data-contrast=\"none\"><span class=\"x_x_NormalTextRun x_x_SCXW264762928 x_x_BCX2\">\u00a0<\/span><\/span><span class=\"x_x_LineBreakBlob x_x_BlobObject x_x_DragDrop x_x_SCXW264762928 x_x_BCX2\"><span class=\"x_x_SCXW264762928 x_x_BCX2\">\u00a0<\/span><br class=\"x_x_SCXW264762928 x_x_BCX2\" aria-hidden=\"true\" \/><\/span><\/p>\n<p class=\"x_x_Paragraph x_x_SCXW264762928 x_x_BCX2\" lang=\"EN-GB\"><span class=\"x_x_TextRun x_x_SCXW264762928 x_x_BCX2\" lang=\"FR\" data-contrast=\"none\"><span class=\"x_x_NormalTextRun x_x_SCXW264762928 x_x_BCX2\">r\u00e9f:\u00a0<\/span><\/span><a class=\"x_x_Hyperlink x_x_SCXW264762928 x_x_BCX2\" href=\"https:\/\/www.news-medical.net\/\" target=\"_blank\" rel=\"noopener noreferrer\" data-auth=\"NotApplicable\" data-linkindex=\"3\"><span class=\"x_x_TextRun x_x_Underlined x_x_SCXW264762928 x_x_BCX2\" lang=\"FR\" data-contrast=\"none\"><span class=\"x_x_NormalTextRun x_x_SCXW264762928 x_x_BCX2\" data-ccp-charstyle=\"Hyperlink\">https:\/\/www.news-medical.net<\/span><\/span><\/a><span class=\"x_x_EOP x_x_SCXW264762928 x_x_BCX2\" data-ccp-props=\"{&quot;201341983&quot;:0,&quot;335551550&quot;:1,&quot;335551620&quot;:1,&quot;335559739&quot;:160,&quot;335559740&quot;:259}\"><br aria-hidden=\"true\" \/><\/span><\/p>\n<\/div>\n<div class=\"x_x_OutlineElement x_x_Ltr x_x_SCXW264762928 x_x_BCX2\">\n<p class=\"x_x_Paragraph x_x_SCXW264762928 x_x_BCX2\" lang=\"EN-GB\">\n<\/div>","protected":false},"excerpt":{"rendered":"<p>L&#8217;asthme se traduit par une difficult\u00e9 \u00e0 respirer, de la toux, une s\u00e9cr\u00e9tion excessive de mucus et des sifflements pendant [&hellip;]<\/p>\n","protected":false},"author":7,"featured_media":3523,"comment_status":"closed","ping_status":"closed","sticky":false,"template":"","format":"standard","meta":{"iawp_total_views":39,"footnotes":""},"categories":[833],"tags":[803,815,977,1012,1014],"class_list":["post-6156","post","type-post","status-publish","format-standard","has-post-thumbnail","hentry","category-francais","tag-respiration","tag-oxygene","tag-concentrateur-doxygene-portable","tag-oxygeneportableasthme","tag-declencheurs"],"_links":{"self":[{"href":"https:\/\/www.oxygenworldwide.com\/de\/wp-json\/wp\/v2\/posts\/6156","targetHints":{"allow":["GET"]}}],"collection":[{"href":"https:\/\/www.oxygenworldwide.com\/de\/wp-json\/wp\/v2\/posts"}],"about":[{"href":"https:\/\/www.oxygenworldwide.com\/de\/wp-json\/wp\/v2\/types\/post"}],"author":[{"embeddable":true,"href":"https:\/\/www.oxygenworldwide.com\/de\/wp-json\/wp\/v2\/users\/7"}],"replies":[{"embeddable":true,"href":"https:\/\/www.oxygenworldwide.com\/de\/wp-json\/wp\/v2\/comments?post=6156"}],"version-history":[{"count":2,"href":"https:\/\/www.oxygenworldwide.com\/de\/wp-json\/wp\/v2\/posts\/6156\/revisions"}],"predecessor-version":[{"id":6158,"href":"https:\/\/www.oxygenworldwide.com\/de\/wp-json\/wp\/v2\/posts\/6156\/revisions\/6158"}],"wp:featuredmedia":[{"embeddable":true,"href":"https:\/\/www.oxygenworldwide.com\/de\/wp-json\/wp\/v2\/media\/3523"}],"wp:attachment":[{"href":"https:\/\/www.oxygenworldwide.com\/de\/wp-json\/wp\/v2\/media?parent=6156"}],"wp:term":[{"taxonomy":"category","embeddable":true,"href":"https:\/\/www.oxygenworldwide.com\/de\/wp-json\/wp\/v2\/categories?post=6156"},{"taxonomy":"post_tag","embeddable":true,"href":"https:\/\/www.oxygenworldwide.com\/de\/wp-json\/wp\/v2\/tags?post=6156"}],"curies":[{"name":"wp","href":"https:\/\/api.w.org\/{rel}","templated":true}]}}