{"id":6143,"date":"2024-02-29T16:49:51","date_gmt":"2024-02-29T16:49:51","guid":{"rendered":"https:\/\/www.oxygenworldwide.com\/?p=6143"},"modified":"2024-02-18T14:09:04","modified_gmt":"2024-02-18T14:09:04","slug":"le-soleil-pourrait-aider-a-soigner-lasthme","status":"publish","type":"post","link":"https:\/\/www.oxygenworldwide.com\/es\/le-soleil-pourrait-aider-a-soigner-lasthme\/","title":{"rendered":"Le soleil pourrait aider \u00e0 soigner l&#8217;asthme\u00a0"},"content":{"rendered":"<div class=\"x_x_OutlineElement x_x_Ltr x_x_SCXW194353997 x_x_BCX2\">\n<p class=\"x_x_Paragraph x_x_SCXW194353997 x_x_BCX2\" lang=\"EN-GB\"><span class=\"x_x_TextRun x_x_SCXW194353997 x_x_BCX2\" lang=\"FR\" data-contrast=\"none\"><span class=\"x_x_NormalTextRun x_x_SCXW194353997 x_x_BCX2\">L&#8217;\u00e9t\u00e9 a enfin commenc\u00e9 \u00e0 pointer le bout de son nez et pour de nombreuses personnes souffrant de maladies respiratoires, les mois d&#8217;\u00e9t\u00e9 peuvent potentiellement aggraver leur \u00e9tat. L&#8217;augmentation de la pollution, du pollen, de la poussi\u00e8re et d&#8217;autres allerg\u00e8nes peut irriter les poumons et aggraver la respiration. Le conseil g\u00e9n\u00e9ral est de rester \u00e0 l&#8217;int\u00e9rieur lors des p\u00e9riodes de pic de pollen ou de pollution atmosph\u00e9rique. Mais le revers de la m\u00e9daille est que l&#8217;exposition au soleil peut \u00eatre b\u00e9n\u00e9fique, en particulier pour les personnes souffrant d&#8217;asthme. <\/span><\/span><span class=\"x_x_LineBreakBlob x_x_BlobObject x_x_DragDrop x_x_SCXW194353997 x_x_BCX2\"><span class=\"x_x_SCXW194353997 x_x_BCX2\">\u00a0<\/span><\/span><\/p>\n<\/div>\n<div class=\"x_x_OutlineElement x_x_Ltr x_x_SCXW194353997 x_x_BCX2\">\n<p class=\"x_x_Paragraph x_x_SCXW194353997 x_x_BCX2\" lang=\"EN-GB\"><span class=\"x_x_TextRun x_x_SCXW194353997 x_x_BCX2\" lang=\"FR\" data-contrast=\"none\"><span class=\"x_x_NormalTextRun x_x_SCXW194353997 x_x_BCX2\">Une \u00e9tude men\u00e9e par le\u00a0<\/span><span class=\"x_x_NormalTextRun x_x_SpellingErrorV2Themed x_x_SCXW194353997 x_x_BCX2\">King&#8217;s<\/span><span class=\"x_x_NormalTextRun x_x_SCXW194353997 x_x_BCX2\">\u00a0<\/span><span class=\"x_x_NormalTextRun x_x_SpellingErrorV2Themed x_x_SCXW194353997 x_x_BCX2\">College<\/span><span class=\"x_x_NormalTextRun x_x_SCXW194353997 x_x_BCX2\">\u00a0de Londres a r\u00e9v\u00e9l\u00e9 que la vitamine D fournie par le soleil peut avoir un effet apaisant sur les personnes souffrant d&#8217;asthme, car la vitamine D contribue \u00e0 r\u00e9duire la suractivit\u00e9 du syst\u00e8me immunitaire de l&#8217;asthmatique.\u00a0<\/span><\/span><span class=\"x_x_LineBreakBlob x_x_BlobObject x_x_DragDrop x_x_SCXW194353997 x_x_BCX2\"><span class=\"x_x_SCXW194353997 x_x_BCX2\">\u00a0<\/span><br class=\"x_x_SCXW194353997 x_x_BCX2\" aria-hidden=\"true\" \/><\/span><span class=\"x_x_TextRun x_x_SCXW194353997 x_x_BCX2\" lang=\"FR\" data-contrast=\"none\"><span class=\"x_x_NormalTextRun x_x_SCXW194353997 x_x_BCX2\">De nombreux asthmatiques pr\u00e9sentent des taux \u00e9lev\u00e9s d&#8217;interleukine-17, ce qui provoque une suractivit\u00e9 d&#8217;une partie de leur syst\u00e8me immunitaire et contribue \u00e0 leurs r\u00e9actions respiratoires aux allerg\u00e8nes et est en partie \u00e0 l&#8217;origine de certaines crises d&#8217;asthme. Certaines personnes asthmatiques ne r\u00e9pondent pas au traitement par st\u00e9ro\u00efdes et ont des difficult\u00e9s \u00e0 g\u00e9rer leurs sympt\u00f4mes. Ce groupe d&#8217;asthmatiques a tendance \u00e0 pr\u00e9senter des taux tr\u00e8s \u00e9lev\u00e9s d&#8217;interleukine-17.\u00a0<\/span><\/span><span class=\"x_x_LineBreakBlob x_x_BlobObject x_x_DragDrop x_x_SCXW194353997 x_x_BCX2\"><span class=\"x_x_SCXW194353997 x_x_BCX2\">\u00a0<\/span><br class=\"x_x_SCXW194353997 x_x_BCX2\" aria-hidden=\"true\" \/><\/span><span class=\"x_x_TextRun x_x_SCXW194353997 x_x_BCX2\" lang=\"FR\" data-contrast=\"none\"><span class=\"x_x_NormalTextRun x_x_SCXW194353997 x_x_BCX2\">Les chercheurs ont d\u00e9couvert que si les niveaux de vitamine D sont augment\u00e9s, cela fait baisser les niveaux d&#8217;interleukine-17 et aide \u00e0 calmer le syst\u00e8me immunitaire, ce qui entra\u00eene une diminution des sympt\u00f4mes.<\/span><\/span><span class=\"x_x_LineBreakBlob x_x_BlobObject x_x_DragDrop x_x_SCXW194353997 x_x_BCX2\"><span class=\"x_x_SCXW194353997 x_x_BCX2\">\u00a0<\/span><br class=\"x_x_SCXW194353997 x_x_BCX2\" aria-hidden=\"true\" \/><\/span><span class=\"x_x_TextRun x_x_SCXW194353997 x_x_BCX2\" lang=\"FR\" data-contrast=\"none\"><span class=\"x_x_NormalTextRun x_x_SCXW194353997 x_x_BCX2\">&#8220;Nous savons que les personnes ayant un taux \u00e9lev\u00e9 de vitamine D sont mieux \u00e0 m\u00eame de contr\u00f4ler leur asthme &#8211; ce lien est assez frappant&#8221;, a d\u00e9clar\u00e9 la chercheuse, Pr. Catherine\u00a0<\/span><span class=\"x_x_NormalTextRun x_x_SpellingErrorV2Themed x_x_SCXW194353997 x_x_BCX2\">Hawrylowicz<\/span><span class=\"x_x_NormalTextRun x_x_SCXW194353997 x_x_BCX2\">.\u00a0<\/span><\/span><span class=\"x_x_EOP x_x_SCXW194353997 x_x_BCX2\" data-ccp-props=\"{&quot;201341983&quot;:0,&quot;335551550&quot;:1,&quot;335551620&quot;:1,&quot;335559739&quot;:160,&quot;335559740&quot;:259}\">\u00a0<\/span><\/p>\n<\/div>\n<div class=\"x_x_OutlineElement x_x_Ltr x_x_SCXW194353997 x_x_BCX2\">\n<p class=\"x_x_Paragraph x_x_SCXW194353997 x_x_BCX2\" lang=\"EN-GB\"><span class=\"x_x_TextRun x_x_SCXW194353997 x_x_BCX2\" lang=\"FR\" data-contrast=\"none\"><span class=\"x_x_NormalTextRun x_x_SCXW194353997 x_x_BCX2\">Le soleil est une source naturelle facile de vitamine D (l&#8217;organisme peut fabriquer de la vitamine D en pr\u00e9sence de soleil) plut\u00f4t que de prendre des suppl\u00e9ments synth\u00e9tiques. Ainsi, plus vous vous exposez au soleil, plus votre organisme re\u00e7oit de vitamine D et plus votre syst\u00e8me immunitaire se porte bien.<\/span><\/span><span class=\"x_x_LineBreakBlob x_x_BlobObject x_x_DragDrop x_x_SCXW194353997 x_x_BCX2\"><span class=\"x_x_SCXW194353997 x_x_BCX2\">\u00a0<\/span><br class=\"x_x_SCXW194353997 x_x_BCX2\" aria-hidden=\"true\" \/><\/span><span class=\"x_x_TextRun x_x_SCXW194353997 x_x_BCX2\" lang=\"FR\" data-contrast=\"none\"><span class=\"x_x_NormalTextRun x_x_SCXW194353997 x_x_BCX2\">De nombreuses personnes souffrant d&#8217;asthme s&#8217;inqui\u00e8tent \u00e9galement des effets secondaires de leurs m\u00e9dicaments. S&#8217;il est prouv\u00e9 que la vitamine D am\u00e9liore leur \u00e9tat, beaucoup d&#8217;entre elles pourraient avoir moins recours aux m\u00e9dicaments, ce qui pourrait am\u00e9liorer leur qualit\u00e9 de vie.<\/span><\/span><span class=\"x_x_LineBreakBlob x_x_BlobObject x_x_DragDrop x_x_SCXW194353997 x_x_BCX2\"><span class=\"x_x_SCXW194353997 x_x_BCX2\">\u00a0<\/span><br class=\"x_x_SCXW194353997 x_x_BCX2\" aria-hidden=\"true\" \/><\/span><span class=\"x_x_TextRun x_x_SCXW194353997 x_x_BCX2\" lang=\"FR\" data-contrast=\"none\"><span class=\"x_x_NormalTextRun x_x_SCXW194353997 x_x_BCX2\">Des chercheurs ont sugg\u00e9r\u00e9 que le fait de trop se couvrir et d&#8217;utiliser trop de cr\u00e8me solaire a en fait contribu\u00e9 \u00e0 l&#8217;augmentation des taux d&#8217;asthme. Il est \u00e9vident que trop de soleil est mauvais pour la sant\u00e9 et que vous devez veiller \u00e0 prot\u00e9ger votre peau pour \u00e9viter les coups de soleil et les possibles cancers de la peau.<\/span><\/span><span class=\"x_x_LineBreakBlob x_x_BlobObject x_x_DragDrop x_x_SCXW194353997 x_x_BCX2\"><span class=\"x_x_SCXW194353997 x_x_BCX2\">\u00a0<\/span><br class=\"x_x_SCXW194353997 x_x_BCX2\" aria-hidden=\"true\" \/><\/span><span class=\"x_x_TextRun x_x_SCXW194353997 x_x_BCX2\" lang=\"FR\" data-contrast=\"none\"><span class=\"x_x_NormalTextRun x_x_SCXW194353997 x_x_BCX2\">Il faut donc trouver un \u00e9quilibre entre le fait de sortir et d&#8217;augmenter son taux de vitamine D et celui d&#8217;\u00e9viter les fortes concentrations de pollen et les coups de soleil.\u00a0<\/span><\/span><span class=\"x_x_EOP x_x_SCXW194353997 x_x_BCX2\" data-ccp-props=\"{&quot;201341983&quot;:0,&quot;335551550&quot;:1,&quot;335551620&quot;:1,&quot;335559739&quot;:160,&quot;335559740&quot;:259}\">\u00a0<\/span><\/p>\n<\/div>\n<div class=\"x_x_OutlineElement x_x_Ltr x_x_SCXW194353997 x_x_BCX2\">\n<p class=\"x_x_Paragraph x_x_SCXW194353997 x_x_BCX2\" lang=\"EN-GB\"><span class=\"x_x_TextRun x_x_SCXW194353997 x_x_BCX2\" lang=\"FR\" data-contrast=\"none\"><span class=\"x_x_NormalTextRun x_x_SCXW194353997 x_x_BCX2\">Voici quelques conseils pour vous aider \u00e0 profiter de l&#8217;\u00e9t\u00e9 malgr\u00e9 votre \u00e9tat de sant\u00e9 :<\/span><\/span><span class=\"x_x_LineBreakBlob x_x_BlobObject x_x_DragDrop x_x_SCXW194353997 x_x_BCX2\"><span class=\"x_x_SCXW194353997 x_x_BCX2\">\u00a0<\/span><br class=\"x_x_SCXW194353997 x_x_BCX2\" aria-hidden=\"true\" \/><\/span><span class=\"x_x_TextRun x_x_SCXW194353997 x_x_BCX2\" lang=\"FR\" data-contrast=\"none\"><span class=\"x_x_NormalTextRun x_x_SCXW194353997 x_x_BCX2\">\u2022\u00a0\u00a0 \u00a0V\u00e9rifiez l&#8217;indice de qualit\u00e9 de l&#8217;air : \u00c9vitez les heures de pointe ou les zones o\u00f9 la qualit\u00e9 de l&#8217;air est mauvaise.<\/span><\/span><span class=\"x_x_LineBreakBlob x_x_BlobObject x_x_DragDrop x_x_SCXW194353997 x_x_BCX2\"><span class=\"x_x_SCXW194353997 x_x_BCX2\">\u00a0<\/span><br class=\"x_x_SCXW194353997 x_x_BCX2\" aria-hidden=\"true\" \/><\/span><span class=\"x_x_TextRun x_x_SCXW194353997 x_x_BCX2\" lang=\"FR\" data-contrast=\"none\"><span class=\"x_x_NormalTextRun x_x_SCXW194353997 x_x_BCX2\">\u2022\u00a0\u00a0 \u00a0Prenez toujours vos m\u00e9dicaments :\u00a0 Qu&#8217;il s&#8217;agisse d&#8217;<\/span><span class=\"x_x_NormalTextRun x_x_SpellingErrorV2Themed x_x_SCXW194353997 x_x_BCX2\">anti-histaminiques<\/span><span class=\"x_x_NormalTextRun x_x_SCXW194353997 x_x_BCX2\">, d&#8217;inhalateurs, de st\u00e9ro\u00efdes ou d&#8217;oxyg\u00e8ne suppl\u00e9mentaire.<\/span><\/span><span class=\"x_x_LineBreakBlob x_x_BlobObject x_x_DragDrop x_x_SCXW194353997 x_x_BCX2\"><span class=\"x_x_SCXW194353997 x_x_BCX2\">\u00a0<\/span><br class=\"x_x_SCXW194353997 x_x_BCX2\" aria-hidden=\"true\" \/><\/span><span class=\"x_x_TextRun x_x_SCXW194353997 x_x_BCX2\" lang=\"FR\" data-contrast=\"none\"><span class=\"x_x_NormalTextRun x_x_SCXW194353997 x_x_BCX2\">\u2022\u00a0\u00a0 \u00a0V\u00e9rifiez le taux de pollen : Essayez d&#8217;\u00e9viter de sortir aux heures o\u00f9 le pollen est particuli\u00e8rement \u00e9lev\u00e9.<\/span><\/span><span class=\"x_x_LineBreakBlob x_x_BlobObject x_x_DragDrop x_x_SCXW194353997 x_x_BCX2\"><span class=\"x_x_SCXW194353997 x_x_BCX2\">\u00a0<\/span><br class=\"x_x_SCXW194353997 x_x_BCX2\" aria-hidden=\"true\" \/><\/span><span class=\"x_x_TextRun x_x_SCXW194353997 x_x_BCX2\" lang=\"FR\" data-contrast=\"none\"><span class=\"x_x_NormalTextRun x_x_SCXW194353997 x_x_BCX2\">\u2022\u00a0\u00a0 \u00a0Utilisez l&#8217;air conditionn\u00e9 au lieu d&#8217;ouvrir les fen\u00eatres : Des fen\u00eatres ouvertes ne feront que laisser entrer davantage de pollen et d&#8217;allerg\u00e8nes dans votre maison ou dans votre voiture.<\/span><\/span><span class=\"x_x_LineBreakBlob x_x_BlobObject x_x_DragDrop x_x_SCXW194353997 x_x_BCX2\"><span class=\"x_x_SCXW194353997 x_x_BCX2\">\u00a0<\/span><br class=\"x_x_SCXW194353997 x_x_BCX2\" aria-hidden=\"true\" \/><\/span><span class=\"x_x_TextRun x_x_SCXW194353997 x_x_BCX2\" lang=\"FR\" data-contrast=\"none\"><span class=\"x_x_NormalTextRun x_x_SCXW194353997 x_x_BCX2\">\u2022\u00a0\u00a0 \u00a0Lavez r\u00e9guli\u00e8rement : Laver r\u00e9guli\u00e8rement vos cheveux et vos v\u00eatements permet d&#8217;\u00e9liminer les allerg\u00e8nes qui se sont \u00e9ventuellement d\u00e9pos\u00e9s sur vous.<\/span><\/span><span class=\"x_x_LineBreakBlob x_x_BlobObject x_x_DragDrop x_x_SCXW194353997 x_x_BCX2\"><span class=\"x_x_SCXW194353997 x_x_BCX2\">\u00a0<\/span><br class=\"x_x_SCXW194353997 x_x_BCX2\" aria-hidden=\"true\" \/><\/span><span class=\"x_x_TextRun x_x_SCXW194353997 x_x_BCX2\" lang=\"FR\" data-contrast=\"none\"><span class=\"x_x_NormalTextRun x_x_SCXW194353997 x_x_BCX2\">\u2022\u00a0\u00a0 \u00a0Demandez conseil \u00e0 votre m\u00e9decin.<\/span><\/span><span class=\"x_x_LineBreakBlob x_x_BlobObject x_x_DragDrop x_x_SCXW194353997 x_x_BCX2\"><span class=\"x_x_SCXW194353997 x_x_BCX2\">\u00a0<\/span><br class=\"x_x_SCXW194353997 x_x_BCX2\" aria-hidden=\"true\" \/><\/span><\/p>\n<p class=\"x_x_Paragraph x_x_SCXW194353997 x_x_BCX2\" lang=\"EN-GB\"><span class=\"x_x_TextRun x_x_SCXW194353997 x_x_BCX2\" lang=\"FR\" data-contrast=\"none\"><span class=\"x_x_NormalTextRun x_x_SCXW194353997 x_x_BCX2\">R\u00e9f\u00e9rences:\u00a0\u00a0\u00a0\u00a0\u00a0\u00a0<\/span><\/span><a class=\"x_x_Hyperlink x_x_SCXW194353997 x_x_BCX2\" href=\"http:\/\/www.healthoxygen.com\/\" target=\"_blank\" rel=\"noopener noreferrer\" data-auth=\"NotApplicable\" data-linkindex=\"3\"><span class=\"x_x_TextRun x_x_Underlined x_x_SCXW194353997 x_x_BCX2\" lang=\"FR\" data-contrast=\"none\"><span class=\"x_x_NormalTextRun x_x_SCXW194353997 x_x_BCX2\" data-ccp-charstyle=\"Hyperlink\">http:\/\/www.healthoxygen.com<\/span><\/span><\/a><span class=\"x_x_TextRun x_x_SCXW194353997 x_x_BCX2\" lang=\"FR\" data-contrast=\"none\"><span class=\"x_x_NormalTextRun x_x_SCXW194353997 x_x_BCX2\">\u00a0et\u00a0<\/span><\/span><a class=\"x_x_Hyperlink x_x_SCXW194353997 x_x_BCX2\" href=\"http:\/\/www.bbc.co.uk\/news\/health\" target=\"_blank\" rel=\"noopener noreferrer\" data-auth=\"NotApplicable\" data-linkindex=\"4\"><span class=\"x_x_TextRun x_x_Underlined x_x_SCXW194353997 x_x_BCX2\" lang=\"FR\" data-contrast=\"none\"><span class=\"x_x_NormalTextRun x_x_SCXW194353997 x_x_BCX2\" data-ccp-charstyle=\"Hyperlink\">http:\/\/www.bbc.co.uk\/news\/health<\/span><\/span><\/a><span class=\"x_x_EOP x_x_SCXW194353997 x_x_BCX2\" data-ccp-props=\"{&quot;201341983&quot;:0,&quot;335551550&quot;:1,&quot;335551620&quot;:1,&quot;335559739&quot;:160,&quot;335559740&quot;:259}\">\u00a0<\/span><\/p>\n<\/div>\n<div class=\"x_x_OutlineElement x_x_Ltr x_x_SCXW194353997 x_x_BCX2\">\n<p class=\"x_x_Paragraph x_x_SCXW194353997 x_x_BCX2 x_elementToProof\" lang=\"EN-GB\"><span class=\"x_x_EOP x_x_SCXW194353997 x_x_BCX2\" data-ccp-props=\"{&quot;201341983&quot;:0,&quot;335551550&quot;:1,&quot;335551620&quot;:1,&quot;335559739&quot;:160,&quot;335559740&quot;:259}\">\u00a0<\/span><\/p>\n<\/div>","protected":false},"excerpt":{"rendered":"<p>L&#8217;\u00e9t\u00e9 a enfin commenc\u00e9 \u00e0 pointer le bout de son nez et pour de nombreuses personnes souffrant de maladies respiratoires, [&hellip;]<\/p>\n","protected":false},"author":7,"featured_media":1410,"comment_status":"closed","ping_status":"closed","sticky":false,"template":"","format":"standard","meta":{"iawp_total_views":52,"footnotes":""},"categories":[833],"tags":[803,815,977,1009,1010],"class_list":["post-6143","post","type-post","status-publish","format-standard","has-post-thumbnail","hentry","category-francais","tag-respiration","tag-oxygene","tag-concentrateur-doxygene-portable","tag-oxygeneportable-asthme","tag-soleil"],"_links":{"self":[{"href":"https:\/\/www.oxygenworldwide.com\/es\/wp-json\/wp\/v2\/posts\/6143","targetHints":{"allow":["GET"]}}],"collection":[{"href":"https:\/\/www.oxygenworldwide.com\/es\/wp-json\/wp\/v2\/posts"}],"about":[{"href":"https:\/\/www.oxygenworldwide.com\/es\/wp-json\/wp\/v2\/types\/post"}],"author":[{"embeddable":true,"href":"https:\/\/www.oxygenworldwide.com\/es\/wp-json\/wp\/v2\/users\/7"}],"replies":[{"embeddable":true,"href":"https:\/\/www.oxygenworldwide.com\/es\/wp-json\/wp\/v2\/comments?post=6143"}],"version-history":[{"count":1,"href":"https:\/\/www.oxygenworldwide.com\/es\/wp-json\/wp\/v2\/posts\/6143\/revisions"}],"predecessor-version":[{"id":6144,"href":"https:\/\/www.oxygenworldwide.com\/es\/wp-json\/wp\/v2\/posts\/6143\/revisions\/6144"}],"wp:featuredmedia":[{"embeddable":true,"href":"https:\/\/www.oxygenworldwide.com\/es\/wp-json\/wp\/v2\/media\/1410"}],"wp:attachment":[{"href":"https:\/\/www.oxygenworldwide.com\/es\/wp-json\/wp\/v2\/media?parent=6143"}],"wp:term":[{"taxonomy":"category","embeddable":true,"href":"https:\/\/www.oxygenworldwide.com\/es\/wp-json\/wp\/v2\/categories?post=6143"},{"taxonomy":"post_tag","embeddable":true,"href":"https:\/\/www.oxygenworldwide.com\/es\/wp-json\/wp\/v2\/tags?post=6143"}],"curies":[{"name":"wp","href":"https:\/\/api.w.org\/{rel}","templated":true}]}}