{"id":6147,"date":"2024-03-08T16:57:27","date_gmt":"2024-03-08T16:57:27","guid":{"rendered":"https:\/\/www.oxygenworldwide.com\/?p=6147"},"modified":"2024-02-18T14:09:22","modified_gmt":"2024-02-18T14:09:22","slug":"pourquoi-ai-je-plus-besoin-doxygene-en-ete","status":"publish","type":"post","link":"https:\/\/www.oxygenworldwide.com\/es\/pourquoi-ai-je-plus-besoin-doxygene-en-ete\/","title":{"rendered":"Pourquoi ai-je plus besoin d&#8217;oxyg\u00e8ne en \u00e9t\u00e9 ?\u00a0"},"content":{"rendered":"<div class=\"x_x_OutlineElement x_x_Ltr x_x_SCXW142949534 x_x_BCX2\"><\/div>\n<div class=\"x_x_OutlineElement x_x_Ltr x_x_SCXW142949534 x_x_BCX2\">\n<p class=\"x_x_Paragraph x_x_SCXW142949534 x_x_BCX2\" lang=\"EN-GB\"><span class=\"x_x_TextRun x_x_SCXW142949534 x_x_BCX2\" lang=\"FR\" data-contrast=\"none\"><span class=\"x_x_NormalTextRun x_x_SCXW142949534 x_x_BCX2\">Vos sympt\u00f4mes d&#8217;asthme changent-ils avec les saisons ?<\/span><\/span><\/p>\n<\/div>\n<div class=\"x_x_OutlineElement x_x_Ltr x_x_SCXW142949534 x_x_BCX2\">\n<p class=\"x_x_Paragraph x_x_SCXW142949534 x_x_BCX2\" lang=\"EN-GB\"><span class=\"x_x_TextRun x_x_SCXW142949534 x_x_BCX2\" lang=\"FR\" data-contrast=\"none\"><span class=\"x_x_NormalTextRun x_x_SCXW142949534 x_x_BCX2\">Alors que les mois d&#8217;hiver peuvent \u00eatre synonymes d&#8217;infections et de temp\u00e9ratures extr\u00eamement froides (tous deux potentiellement g\u00eanants pour l&#8217;asthme), l&#8217;\u00e9t\u00e9 peut apporter son lot de &#8220;d\u00e9clencheurs&#8221; pour les 5,4 millions de personnes qui vivent avec cette maladie au Royaume-Uni.<\/span><\/span><span class=\"x_x_LineBreakBlob x_x_BlobObject x_x_DragDrop x_x_SCXW142949534 x_x_BCX2\"><span class=\"x_x_SCXW142949534 x_x_BCX2\">\u00a0<\/span><br class=\"x_x_SCXW142949534 x_x_BCX2\" aria-hidden=\"true\" \/><\/span><span class=\"x_x_TextRun x_x_SCXW142949534 x_x_BCX2\" lang=\"FR\" data-contrast=\"none\"><span class=\"x_x_NormalTextRun x_x_SCXW142949534 x_x_BCX2\">Le pollen serait un &#8220;d\u00e9clencheur cach\u00e9&#8221; pour 80 % des asthmatiques, selon\u00a0<\/span><span class=\"x_x_NormalTextRun x_x_SCXW142949534 x_x_BCX2\">LloydsPharmacy<\/span><span class=\"x_x_NormalTextRun x_x_SCXW142949534 x_x_BCX2\">, qui indique que l&#8217;ann\u00e9e derni\u00e8re, 91 % de ses tests de contr\u00f4le de l&#8217;asthme ( cette grande pharmacie propose un service de traitement et de conseil sur l&#8217;asthme) ont eu lieu entre mars et mai, p\u00e9riode de pointe du rhume des foins. Par ailleurs, 46 % des tests effectu\u00e9s au cours de cette p\u00e9riode ont r\u00e9v\u00e9l\u00e9 que les personnes ne contr\u00f4laient pas bien leur asthme.<\/span><\/span><span class=\"x_x_LineBreakBlob x_x_BlobObject x_x_DragDrop x_x_SCXW142949534 x_x_BCX2\"><span class=\"x_x_SCXW142949534 x_x_BCX2\">\u00a0<\/span><br class=\"x_x_SCXW142949534 x_x_BCX2\" aria-hidden=\"true\" \/><\/span><span class=\"x_x_TextRun x_x_SCXW142949534 x_x_BCX2\" lang=\"FR\" data-contrast=\"none\"><span class=\"x_x_NormalTextRun x_x_SCXW142949534 x_x_BCX2\">Si vous souffrez d&#8217;asthme et \u00eates sujet au rhume des foins, ou si vous constatez une intensification de vos sympt\u00f4mes au printemps et en \u00e9t\u00e9, il peut \u00eatre int\u00e9ressant de consulter certaines des applications qui surveillent les pr\u00e9visions de pollen et vous en informent. Et si vous avez du mal \u00e0 ma\u00eetriser vos sympt\u00f4mes, parlez-en \u00e0 votre infirmi\u00e8re ou \u00e0 votre m\u00e9decin.<\/span><\/span><span class=\"x_x_LineBreakBlob x_x_BlobObject x_x_DragDrop x_x_SCXW142949534 x_x_BCX2\"><span class=\"x_x_SCXW142949534 x_x_BCX2\">\u00a0<\/span><br class=\"x_x_SCXW142949534 x_x_BCX2\" aria-hidden=\"true\" \/><\/span><span class=\"x_x_TextRun x_x_SCXW142949534 x_x_BCX2\" lang=\"FR\" data-contrast=\"none\"><span class=\"x_x_NormalTextRun x_x_SCXW142949534 x_x_BCX2\">Selon l&#8217;endroit o\u00f9 vous vous rendez, les vacances peuvent \u00eatre synonymes d&#8217;une nouvelle s\u00e9rie de d\u00e9clencheurs, surtout si vous vous trouvez dans un nouvel environnement et un climat diff\u00e9rent de celui auquel vous \u00eates habitu\u00e9. Certaines personnes trouvent que les changements de routine, de lieu, de temp\u00e9rature, ou m\u00eame les voyages en avion, peuvent aggraver leurs sympt\u00f4mes d&#8217;asthme.<\/span><\/span><span class=\"x_x_LineBreakBlob x_x_BlobObject x_x_DragDrop x_x_SCXW142949534 x_x_BCX2\"><span class=\"x_x_SCXW142949534 x_x_BCX2\">\u00a0<\/span><br class=\"x_x_SCXW142949534 x_x_BCX2\" aria-hidden=\"true\" \/><\/span><span class=\"x_x_TextRun x_x_SCXW142949534 x_x_BCX2\" lang=\"FR\" data-contrast=\"none\"><span class=\"x_x_NormalTextRun x_x_SCXW142949534 x_x_BCX2\">La meilleure chose que vous puissiez faire pour pr\u00e9venir les sympt\u00f4mes et les crises pendant vos vacances est de continuer \u00e0 prendre vos m\u00e9dicaments comme d&#8217;habitude.<\/span><\/span><span class=\"x_x_LineBreakBlob x_x_BlobObject x_x_DragDrop x_x_SCXW142949534 x_x_BCX2\"><span class=\"x_x_SCXW142949534 x_x_BCX2\">\u00a0<\/span><br class=\"x_x_SCXW142949534 x_x_BCX2\" aria-hidden=\"true\" \/><\/span><\/p>\n<p class=\"x_x_Paragraph x_x_SCXW142949534 x_x_BCX2\" lang=\"EN-GB\"><span class=\"x_x_TextRun x_x_SCXW142949534 x_x_BCX2\" lang=\"FR\" data-contrast=\"none\"><span class=\"x_x_NormalTextRun x_x_SCXW142949534 x_x_BCX2\">\u00a8<\/span><span class=\"x_x_NormalTextRun x_x_SpellingErrorV2Themed x_x_SCXW142949534 x_x_BCX2\">Asthma<\/span><span class=\"x_x_NormalTextRun x_x_SCXW142949534 x_x_BCX2\">\u00a0UK\u00a8 propose d&#8217;autres conseils sur les voyages pour personnes asthmatiques\u00a0sur son site web. C&#8217;est toujours une bonne id\u00e9e d&#8217;emporter vos inhalateurs (ainsi que vos inhalateurs de rechange) avec vous, dans votre bagage \u00e0 main, au cas o\u00f9 votre inhalateur viendrait \u00e0 se vider ou si votre bagage enregistr\u00e9 venait \u00e0 \u00eatre \u00e9gar\u00e9.<\/span><\/span><span class=\"x_x_LineBreakBlob x_x_BlobObject x_x_DragDrop x_x_SCXW142949534 x_x_BCX2\"><span class=\"x_x_SCXW142949534 x_x_BCX2\">\u00a0<\/span><br class=\"x_x_SCXW142949534 x_x_BCX2\" aria-hidden=\"true\" \/><\/span><\/p>\n<p class=\"x_x_Paragraph x_x_SCXW142949534 x_x_BCX2\" lang=\"EN-GB\"><span class=\"x_x_TextRun x_x_SCXW142949534 x_x_BCX2\" lang=\"FR\" data-contrast=\"none\"><span class=\"x_x_NormalTextRun x_x_SCXW142949534 x_x_BCX2\">L&#8217;\u00e9t\u00e9 est l&#8217;occasion de se d\u00e9fouler et de profiter de la vie &#8211; et il n&#8217;y a aucune raison que votre asthme vous en emp\u00eache. Mais, qu&#8217;il s&#8217;agisse de barbecues enfum\u00e9s ou d&#8217;une plus grande exposition \u00e0 la pollution atmosph\u00e9rique,\u00a0lors de vos sorties, il est bon d&#8217;\u00eatre conscient des d\u00e9clencheurs potentiels de l&#8217;asthme en \u00e9t\u00e9.<\/span><\/span><span class=\"x_x_LineBreakBlob x_x_BlobObject x_x_DragDrop x_x_SCXW142949534 x_x_BCX2\"><br aria-hidden=\"true\" \/><\/span><\/p>\n<p class=\"x_x_Paragraph x_x_SCXW142949534 x_x_BCX2\" lang=\"EN-GB\"><span class=\"x_x_TextRun x_x_SCXW142949534 x_x_BCX2\" lang=\"FR\" data-contrast=\"none\"><span class=\"x_x_NormalTextRun x_x_SCXW142949534 x_x_BCX2\">R\u00e9f :\u00a0<\/span><\/span><a class=\"x_x_Hyperlink x_x_SCXW142949534 x_x_BCX2\" href=\"http:\/\/www.nwemail.co.uk\/\" target=\"_blank\" rel=\"noopener noreferrer\" data-auth=\"NotApplicable\" data-linkindex=\"3\"><span class=\"x_x_TextRun x_x_Underlined x_x_SCXW142949534 x_x_BCX2\" lang=\"FR\" data-contrast=\"none\"><span class=\"x_x_NormalTextRun x_x_SCXW142949534 x_x_BCX2\" data-ccp-charstyle=\"Hyperlink\">http:\/\/www.nwemail.co.uk<\/span><\/span><\/a><\/p>\n<\/div>","protected":false},"excerpt":{"rendered":"<p>Vos sympt\u00f4mes d&#8217;asthme changent-ils avec les saisons ? Alors que les mois d&#8217;hiver peuvent \u00eatre synonymes d&#8217;infections et de temp\u00e9ratures [&hellip;]<\/p>\n","protected":false},"author":7,"featured_media":2261,"comment_status":"closed","ping_status":"closed","sticky":false,"template":"","format":"standard","meta":{"iawp_total_views":5,"footnotes":""},"categories":[833],"tags":[802,815,1012],"class_list":["post-6147","post","type-post","status-publish","format-standard","has-post-thumbnail","hentry","category-francais","tag-ete","tag-oxygene","tag-oxygeneportableasthme"],"_links":{"self":[{"href":"https:\/\/www.oxygenworldwide.com\/es\/wp-json\/wp\/v2\/posts\/6147","targetHints":{"allow":["GET"]}}],"collection":[{"href":"https:\/\/www.oxygenworldwide.com\/es\/wp-json\/wp\/v2\/posts"}],"about":[{"href":"https:\/\/www.oxygenworldwide.com\/es\/wp-json\/wp\/v2\/types\/post"}],"author":[{"embeddable":true,"href":"https:\/\/www.oxygenworldwide.com\/es\/wp-json\/wp\/v2\/users\/7"}],"replies":[{"embeddable":true,"href":"https:\/\/www.oxygenworldwide.com\/es\/wp-json\/wp\/v2\/comments?post=6147"}],"version-history":[{"count":2,"href":"https:\/\/www.oxygenworldwide.com\/es\/wp-json\/wp\/v2\/posts\/6147\/revisions"}],"predecessor-version":[{"id":6149,"href":"https:\/\/www.oxygenworldwide.com\/es\/wp-json\/wp\/v2\/posts\/6147\/revisions\/6149"}],"wp:featuredmedia":[{"embeddable":true,"href":"https:\/\/www.oxygenworldwide.com\/es\/wp-json\/wp\/v2\/media\/2261"}],"wp:attachment":[{"href":"https:\/\/www.oxygenworldwide.com\/es\/wp-json\/wp\/v2\/media?parent=6147"}],"wp:term":[{"taxonomy":"category","embeddable":true,"href":"https:\/\/www.oxygenworldwide.com\/es\/wp-json\/wp\/v2\/categories?post=6147"},{"taxonomy":"post_tag","embeddable":true,"href":"https:\/\/www.oxygenworldwide.com\/es\/wp-json\/wp\/v2\/tags?post=6147"}],"curies":[{"name":"wp","href":"https:\/\/api.w.org\/{rel}","templated":true}]}}